{"id":687,"date":"2021-03-26T15:27:41","date_gmt":"2021-03-26T13:27:41","guid":{"rendered":"http:\/\/vedenkivi.fi\/blogi\/?p=687"},"modified":"2021-03-26T15:27:41","modified_gmt":"2021-03-26T13:27:41","slug":"ajan-mutkikas-virta","status":"publish","type":"post","link":"https:\/\/vedenkivi.fi\/blogi\/ajan-mutkikas-virta\/","title":{"rendered":"Ajan mutkikas virta"},"content":{"rendered":"\n<p>Syntym\u00e4lahjaksi saamme ajan. Ei se kulu, toistuu vain planeettojen kierto, josta saamme yhteisesti sovitun mittarin. Joidenkin lahja on valmiiksi jo pieni, toiset voivat s\u00e4\u00e4dell\u00e4 jossain m\u00e4\u00e4rin, kuinka kuluvat ajassa.<\/p>\n\n\n\n<p>Henkil\u00f6kohtainen aikak\u00e4sitys on mielenkiintoinen. Syklinen aika tuo asioita eteen, silloin niit\u00e4 tehd\u00e4\u00e4n. Kalenteri ja kello ovat haasteita. Lineaarinen aika on hallinnassa, ainakin melko usein. Kalenteriin merkityt asiat tulevat sovittuina aikoina vastaan. Kalentereilla on tapana pullistella, niinkuin ottaisivat itse ohjat sis\u00e4lt\u00f6\u00f6ns\u00e4.<\/p>\n\n\n\n<p>Kaikilla on kokemus siit\u00e4, kuinka aika kuluu nopeasti tai hitaasti. Korona-aika on antanut monelle tilaa. Ajasta tulee omaa. Se nostaa ajatuksia arvoista. Mik\u00e4 on t\u00e4rke\u00e4\u00e4? Kuinka haluan k\u00e4ytt\u00e4\u00e4 aikani, mihin annan itse\u00e4ni. Mist\u00e4 saan sit\u00e4, mik\u00e4 on mielek\u00e4st\u00e4. T\u00e4m\u00e4 kaikki tapahtuu yhden v\u00e4liviivan aikana, syntym\u00e4p\u00e4iv\u00e4 &#8211; kuolinp\u00e4iv\u00e4.<\/p>\n\n\n\n<p>Lapselle aika on hidasta, koska asiat tulevat uusina ja ainutlaatuisina koettavaksi. Mit\u00e4 vanhemmaksi tulee, toistot lis\u00e4\u00e4ntyv\u00e4t ja aika tuntuu kuluvan nopeammin. Ruuhkavuosissa vaatimuksia on enemm\u00e4n kuin ehtii tehd\u00e4, sekin tuo harhan, ett\u00e4 aika loppuu. Ei se lopu, me vain kypsymme siin\u00e4 kuin hyv\u00e4 viini.<\/p>\n\n\n\n<h3 class=\"wp-block-heading\">Tarkkailijana<\/h3>\n\n\n\n<p>Ajan virta kulkee yhteen suuntaan. V\u00e4lill\u00e4 el\u00e4m\u00e4 istuttaa meid\u00e4n rannalle. Menetykset, sairastumiset, uupumiset tai muut tapahtumat, jotka pys\u00e4ytt\u00e4v\u00e4t arjen rutiinin, nostavat meid\u00e4t katsomaan ajankulua. <\/p>\n\n\n\n<p>Rinnalle pys\u00e4htyj\u00e4t ovat arvokkaita kuulijoita, kirkkaita peilej\u00e4. He todistavat tarinaa, jota me kirjoitamme omasta ajastamme, el\u00e4m\u00e4n k\u00e4sikirjoitusta. Aika on kaunis, kun sen rajallisuuden hyv\u00e4ksyy. Kun muistaa sen lahjaksi, josta itse p\u00e4\u00e4tt\u00e4\u00e4, kuinka sen k\u00e4ytt\u00e4\u00e4.<\/p>\n\n\n\n<p>Omaa el\u00e4m\u00e4\u00e4 voi katsoa joskus vierest\u00e4, lempe\u00e4n tarkkailijan silmin. H\u00e4n antaa kiitosta, kannustusta, ei moiti ja rankaise eletyst\u00e4, vaan tarjoaa mahdollisuuksia. Pys\u00e4htymiset ovat risteyksi\u00e4, joissa punnitaan miten j\u00e4ljell\u00e4 olevan ajan voisi k\u00e4ytt\u00e4\u00e4.<\/p>\n\n\n\n<h3 class=\"wp-block-heading\">Nyt-hetkell\u00e4 koko<\/h3>\n\n\n\n<p>T\u00e4ss\u00e4 ja nyt, pys\u00e4htyminen avaa k\u00e4sill\u00e4 olevan hetken. Aika lakkaa huijaamasta elettyyn haikailun tai katumisen avulla. Etukeno tulevaan vastatuuleen lakkaa. Pys\u00e4htymisess\u00e4 nyt on kaikki. Se avaa muita ulottuvuuksia ihmisess\u00e4 kuin suorittamisen, siit\u00e4 iloitsijan tai uupuneen. Meiss\u00e4 on ajatonta, kyky kokea ikuisuutta. On maailmankatsomus mik\u00e4 tahansa tai selitykset mitk\u00e4 hyv\u00e4ns\u00e4, meiss\u00e4 on mukana isompaa kuin jaksamme ymm\u00e4rt\u00e4\u00e4 tekemisen ja ajan tasolla.<\/p>\n\n\n\n<p>Pys\u00e4htyminen vapaaehtoisesti tuo l\u00e4hemm\u00e4ksi itse\u00e4. Ajaton tila tuo olemiseen siin\u00e4 kehossa, jonka kotelossa asut. Turvallisuus omassa ytimess\u00e4 on totta, joka kest\u00e4\u00e4 l\u00e4pi el\u00e4m\u00e4n ja kuoleman. Aika valmistaa meit\u00e4. Me voimme antaa ajan lahjan toteutua meiss\u00e4.<\/p>\n\n\n\n<p>Kev\u00e4t on yhteinen merkkipaalu. Nautitaan siit\u00e4, kuka miss\u00e4kin oman ajan mutkassa.<\/p>\n\n\n\n<figure class=\"wp-block-image\"><img loading=\"lazy\" decoding=\"async\" width=\"1024\" height=\"768\" src=\"https:\/\/vedenkivi.fi\/blogi\/wp-content\/uploads\/2021\/03\/IMG_2236-1024x768.jpeg\" alt=\"\" class=\"wp-image-689\" srcset=\"https:\/\/vedenkivi.fi\/blogi\/wp-content\/uploads\/2021\/03\/IMG_2236-1024x768.jpeg 1024w, https:\/\/vedenkivi.fi\/blogi\/wp-content\/uploads\/2021\/03\/IMG_2236-300x225.jpeg 300w, https:\/\/vedenkivi.fi\/blogi\/wp-content\/uploads\/2021\/03\/IMG_2236-768x576.jpeg 768w\" sizes=\"auto, (max-width: 1024px) 100vw, 1024px\" \/><figcaption>J\u00e4\u00e4n ja veden helin\u00e4<\/figcaption><\/figure>\n\n\n\n<p><\/p>\n\n\n\n<p><\/p>\n","protected":false},"excerpt":{"rendered":"<p>Syntym\u00e4lahjaksi saamme ajan. Ei se kulu, toistuu vain planeettojen kierto, josta saamme yhteisesti sovitun mittarin. Joidenkin lahja on valmiiksi jo pieni, toiset voivat s\u00e4\u00e4dell\u00e4 jossain m\u00e4\u00e4rin, kuinka kuluvat ajassa. Henkil\u00f6kohtainen aikak\u00e4sitys on mielenkiintoinen. Syklinen aika tuo asioita eteen, silloin niit\u00e4 tehd\u00e4\u00e4n. Kalenteri ja kello ovat haasteita. Lineaarinen aika on hallinnassa, ainakin melko usein. Kalenteriin merkityt<\/p>\n","protected":false},"author":2,"featured_media":0,"comment_status":"open","ping_status":"open","sticky":false,"template":"","format":"standard","meta":{"footnotes":""},"categories":[1],"tags":[155,156,41],"class_list":["post-687","post","type-post","status-publish","format-standard","hentry","category-yleinen","tag-ajan-virta","tag-pysahtyminen","tag-turvallisuus"],"_links":{"self":[{"href":"https:\/\/vedenkivi.fi\/blogi\/wp-json\/wp\/v2\/posts\/687","targetHints":{"allow":["GET"]}}],"collection":[{"href":"https:\/\/vedenkivi.fi\/blogi\/wp-json\/wp\/v2\/posts"}],"about":[{"href":"https:\/\/vedenkivi.fi\/blogi\/wp-json\/wp\/v2\/types\/post"}],"author":[{"embeddable":true,"href":"https:\/\/vedenkivi.fi\/blogi\/wp-json\/wp\/v2\/users\/2"}],"replies":[{"embeddable":true,"href":"https:\/\/vedenkivi.fi\/blogi\/wp-json\/wp\/v2\/comments?post=687"}],"version-history":[{"count":2,"href":"https:\/\/vedenkivi.fi\/blogi\/wp-json\/wp\/v2\/posts\/687\/revisions"}],"predecessor-version":[{"id":690,"href":"https:\/\/vedenkivi.fi\/blogi\/wp-json\/wp\/v2\/posts\/687\/revisions\/690"}],"wp:attachment":[{"href":"https:\/\/vedenkivi.fi\/blogi\/wp-json\/wp\/v2\/media?parent=687"}],"wp:term":[{"taxonomy":"category","embeddable":true,"href":"https:\/\/vedenkivi.fi\/blogi\/wp-json\/wp\/v2\/categories?post=687"},{"taxonomy":"post_tag","embeddable":true,"href":"https:\/\/vedenkivi.fi\/blogi\/wp-json\/wp\/v2\/tags?post=687"}],"curies":[{"name":"wp","href":"https:\/\/api.w.org\/{rel}","templated":true}]}}