{"id":70,"date":"2014-03-12T11:38:45","date_gmt":"2014-03-12T09:38:45","guid":{"rendered":"http:\/\/vedenkivi.fi\/blogi\/?p=70"},"modified":"2014-06-12T21:14:05","modified_gmt":"2014-06-12T18:14:05","slug":"hymy-paivassa","status":"publish","type":"post","link":"https:\/\/vedenkivi.fi\/blogi\/hymy-paivassa\/","title":{"rendered":"Hymy p\u00e4iv\u00e4ss\u00e4"},"content":{"rendered":"<p>Roskap\u00e4iv\u00e4ss\u00e4-liike sai alkunsa k\u00e4yt\u00e4nn\u00f6nl\u00e4heisesti, kun Tuula-Maria Ahonen vuonna 2000 alkoi ker\u00e4ill\u00e4 roskia luonnosta ja pyysi Helsingin kaupungilta lis\u00e4\u00e4 roskiksia. Nyt presidentti Sauli Niinist\u00f6kin kannattaa liikett\u00e4, joka on saanut pit\u00e4m\u00e4\u00e4n huolta paremmin ymp\u00e4rist\u00f6st\u00e4mme. Ja niin pienell\u00e4 vaivalla!<\/p>\n<p>Olen testannut tietoisesti hymyily\u00e4 ventovieraille ihmisille kauppajonossa, ohikulkeville lenkill\u00e4 ja rattaissa istuville lapsille. Kontakti hymyn kautta rakentaa siltoja ihmisten v\u00e4lille, joilla on vastavuoroinen merkitys. Molemmissa osapuolissa aktivoituu ajatusketjuja ja hyv\u00e4nolonhormoneja erittyy verenkiertoon hymyilless\u00e4.<\/p>\n<p>Peilisolut ollaan tunnettu vasta suhteellisen lyhyen aikaa. Ne ovat aivoissa olevia hermosoluja, jotka reagoivat toisen ihmisen tekemiseen. Kun n\u00e4en ihmisen hymyilev\u00e4n, peilisoluni rekister\u00f6iv\u00e4t asian kuin itse hymyilisin. Niiden avulla mallitamme toisiltamme tiedostamattammekin. Lapset oppivat puhumaan, kun n\u00e4kev\u00e4t huulet. Peilisolut mallittavat tuota monimutkaista prosessia, mit\u00e4 puheen tuottamiseen tarvitaan.<\/p>\n<p>Peilisoluja on kutsuttu my\u00f6s empatianeuroneiksi, koska ne tuottavat paljon tunteita. Moni meist\u00e4 ei voi katsoa kotivideoita, miss\u00e4 sattuu vahinkoja, koska keho reagoi niin kuin itse kaatuisi. Urheilukisat aktivoivat peilisolujen avulla aivoja ja hyppyrinnokalla ponnistava m\u00e4kihypp\u00e4\u00e4j\u00e4 saa kaikkien katsojien kehot hypp\u00e4\u00e4m\u00e4\u00e4n mukanaan.<\/p>\n<p>Kuinka paljon potentiaalista l\u00e4htee liikkeelle, kun koko kansa ottaa iloisen teht\u00e4v\u00e4n vastaan. Hymy p\u00e4iv\u00e4ss\u00e4- liike on perustettu, kun t\u00e4n\u00e4\u00e4n otat kopin ja hymyilet juuri siin\u00e4 kohdassa, miss\u00e4 ennen et olisi sit\u00e4 tehnyt. Siis lis\u00e4\u00e4 hymyj\u00e4 liikkeelle!<\/p>\n","protected":false},"excerpt":{"rendered":"<p>Roskap\u00e4iv\u00e4ss\u00e4-liike sai alkunsa k\u00e4yt\u00e4nn\u00f6nl\u00e4heisesti, kun Tuula-Maria Ahonen vuonna 2000 alkoi ker\u00e4ill\u00e4 roskia luonnosta ja pyysi Helsingin kaupungilta lis\u00e4\u00e4 roskiksia. Nyt presidentti Sauli Niinist\u00f6kin kannattaa liikett\u00e4, joka on saanut pit\u00e4m\u00e4\u00e4n huolta paremmin ymp\u00e4rist\u00f6st\u00e4mme. Ja niin pienell\u00e4 vaivalla! Olen testannut tietoisesti hymyily\u00e4 ventovieraille ihmisille kauppajonossa, ohikulkeville lenkill\u00e4 ja rattaissa istuville lapsille. Kontakti hymyn kautta rakentaa siltoja ihmisten<\/p>\n","protected":false},"author":2,"featured_media":0,"comment_status":"open","ping_status":"open","sticky":false,"template":"","format":"standard","meta":{"footnotes":""},"categories":[1],"tags":[],"class_list":["post-70","post","type-post","status-publish","format-standard","hentry","category-yleinen"],"_links":{"self":[{"href":"https:\/\/vedenkivi.fi\/blogi\/wp-json\/wp\/v2\/posts\/70","targetHints":{"allow":["GET"]}}],"collection":[{"href":"https:\/\/vedenkivi.fi\/blogi\/wp-json\/wp\/v2\/posts"}],"about":[{"href":"https:\/\/vedenkivi.fi\/blogi\/wp-json\/wp\/v2\/types\/post"}],"author":[{"embeddable":true,"href":"https:\/\/vedenkivi.fi\/blogi\/wp-json\/wp\/v2\/users\/2"}],"replies":[{"embeddable":true,"href":"https:\/\/vedenkivi.fi\/blogi\/wp-json\/wp\/v2\/comments?post=70"}],"version-history":[{"count":4,"href":"https:\/\/vedenkivi.fi\/blogi\/wp-json\/wp\/v2\/posts\/70\/revisions"}],"predecessor-version":[{"id":104,"href":"https:\/\/vedenkivi.fi\/blogi\/wp-json\/wp\/v2\/posts\/70\/revisions\/104"}],"wp:attachment":[{"href":"https:\/\/vedenkivi.fi\/blogi\/wp-json\/wp\/v2\/media?parent=70"}],"wp:term":[{"taxonomy":"category","embeddable":true,"href":"https:\/\/vedenkivi.fi\/blogi\/wp-json\/wp\/v2\/categories?post=70"},{"taxonomy":"post_tag","embeddable":true,"href":"https:\/\/vedenkivi.fi\/blogi\/wp-json\/wp\/v2\/tags?post=70"}],"curies":[{"name":"wp","href":"https:\/\/api.w.org\/{rel}","templated":true}]}}