{"id":725,"date":"2021-11-20T14:31:25","date_gmt":"2021-11-20T12:31:25","guid":{"rendered":"http:\/\/vedenkivi.fi\/blogi\/?p=725"},"modified":"2021-11-21T11:54:33","modified_gmt":"2021-11-21T09:54:33","slug":"valta-rajalla","status":"publish","type":"post","link":"https:\/\/vedenkivi.fi\/blogi\/valta-rajalla\/","title":{"rendered":"Valta rajalla"},"content":{"rendered":"\n<p>Maailmassa oli hiljattain aika, jolloin muureja purettiin. Yhdistyminen kest\u00e4\u00e4 niin kauan kuin kaatuneet muurit muistetaan. Nyt on aika toinen. Monenlaista aitaa pystytet\u00e4\u00e4n ihmisten ja el\u00e4imien esteeksi. Parempia ja huonompia perusteluja tulvii paljon ja niiden pohjalta muodostamme omat k\u00e4sityksemme. Toisistaan eri\u00e4v\u00e4t n\u00e4k\u00f6kulmat pystytt\u00e4v\u00e4t taas lis\u00e4\u00e4 raja-aitoja. Eri leireiss\u00e4 on meit\u00e4 ja teit\u00e4 ja heit\u00e4.<\/p>\n\n\n\n<p>Kollektiivinen liikehdint\u00e4 rajoilla n\u00e4kyy joka uutisissa ja lehtien sivuilla. Miss\u00e4 kenell\u00e4kin on lupa olla, mihin saa valtuudet asettua? Samaan aikaan terapeuttien kanssa ihmettelemme, kuinka tavallistakin enemm\u00e4n ihmiset juuri nyt k\u00e4sittelev\u00e4t henkil\u00f6kohtaisia rajojaan.<\/p>\n\n\n\n<h3 class=\"wp-block-heading\">Turva vai vankila<\/h3>\n\n\n\n<p>Viisas p\u00e4iv\u00e4kodin johtaja kertoi, kuinka pieni lapsi oppii maahan piirretyn rajan: &#8221;T\u00e4\u00e4ll\u00e4 on turvallista, \u00e4l\u00e4 yrit\u00e4 viivaa. Siell\u00e4 voi j\u00e4\u00e4d\u00e4 py\u00f6r\u00e4n tai auton alle.&#8221; Laki s\u00e4\u00e4t\u00e4\u00e4 aidoista toki enemm\u00e4n, mutta yll\u00e4tt\u00e4v\u00e4n luontaisesti lapsi tajuaa rajan suojelevan vaikutuksen. Yhdess\u00e4 joukko pieni\u00e4 taaperoita huolehtii, ettei kukaan ylit\u00e4 rajaa, muutaman  hairahtuneen kotipes\u00e4lle palauttamisen j\u00e4lkeen.<\/p>\n\n\n\n<p>Itseohjautuvuus ja rajan kunnioitus on el\u00e4m\u00e4n mittainen l\u00e4ksy. Piirretyn viivan j\u00e4lkeen rajan hahmottaminen tulee vaativammaksi. Toisinaan vanhat rajat alkavat tuntua niin ahtailta, ett\u00e4 ne t\u00e4ytyy ylitt\u00e4\u00e4. Silloin kokemus karttuu, mik\u00e4 on on omaa tilaa ja milloin astuu toisen rajojen sis\u00e4puolelle.<\/p>\n\n\n\n<h3 class=\"wp-block-heading\">Ylik\u00e4velij\u00e4t ja allej\u00e4\u00e4j\u00e4t<\/h3>\n\n\n\n<p>Avaimet pysyv\u00e4t omassa taskussa vain, jos hahmottaa rajansa ja valtuutensa niiden sis\u00e4ll\u00e4.  Meiss\u00e4 on niit\u00e4, jotka k\u00e4velev\u00e4t joskus r\u00f6yhke\u00e4sti tai tiet\u00e4m\u00e4tt\u00e4\u00e4nkin toisten yli. He k\u00e4ytt\u00e4v\u00e4t valtaa, joka ei ole niiden k\u00e4yt\u00f6ss\u00e4, keille se kuuluisi.<\/p>\n\n\n\n<p>Kun rajat ovat tiedossa ja niit\u00e4 kunnioitetaan puolin ja toisin, kaikki on t\u00e4ysin selv\u00e4\u00e4. Mutta rajakiistoja k\u00e4yd\u00e4\u00e4n ty\u00f6paikoilla, parisuhteissa, perheiss\u00e4 ja suvuissa. Silloin vyyhti on sekaisin ja puhuminen vain kirist\u00e4\u00e4 solmuja entist\u00e4 tiukemmalle. Minun piti terapeuttina itse kokea t\u00e4m\u00e4 moneen kertaan. Kokemuksieni opettamana n\u00e4en saman prosessin asiakkaissani.<\/p>\n\n\n\n<p>Parempi tulos selvittelyist\u00e4 toisten kanssa tulee, kun k\u00e4y ensin dialogia itsens\u00e4 kanssa. Miten puolustaa omaa rajaa tai kunnioittaa toisen, jos ei niit\u00e4 hahmota? <\/p>\n\n\n\n<h3 class=\"wp-block-heading\">Mink\u00e4lainen raja<\/h3>\n\n\n\n<p>Yksin ollessa voi olla levossa avaruuden syliss\u00e4. Tarvitsemme rajoja suhteessa toisiin ihmisiin, tullaksemme kuulluksi ja parhaassa tapauksessa kunnioitetuksi. Usein haemme turvaa rakentamalla n\u00e4kym\u00e4t\u00f6nt\u00e4 muuria ymp\u00e4rillemme. Joku voi yritt\u00e4\u00e4 kaataa sit\u00e4kin, mutta aito ja spontaani viestint\u00e4 muurin l\u00e4pi osoittautuu vaikeaksi. Lopulta korkea muuri erottaa meid\u00e4t el\u00e4m\u00e4st\u00e4 ja sit\u00e4 aletaan purkaa itse sis\u00e4lt\u00e4p\u00e4in.<\/p>\n\n\n\n<p>Maahan piirretty viiva on merkki, joka t\u00e4ytyy ensin itse uskoa. Se tekee my\u00f6s muille tiett\u00e4v\u00e4ksi n\u00e4kym\u00e4tt\u00f6m\u00e4n rajan, sinun vaikutusalueesi. &#8221;Ei&#8221; on hyv\u00e4 sana, kun k\u00e4yt\u00e4t sit\u00e4 harkiten. &#8221;Kyll\u00e4&#8221; on vapaaehtoisena kaunis sana, kun k\u00e4yt\u00e4t sit\u00e4kin harkiten. Mik\u00e4 tekee sinulle ja k\u00e4ytett\u00e4viss\u00e4 oleville energioillesi hyv\u00e4\u00e4? Mit\u00e4 haluat? Mihin voit veny\u00e4, vaikka se ei olisikaan mukavaa, mutta arvoillesi t\u00e4rke\u00e4\u00e4? &#8221;Ei&#8221; ja &#8221;kyll\u00e4&#8221; pit\u00e4v\u00e4t vahtia rajoillasi. Niiden sis\u00e4lle mahtuu sinun n\u00e4k\u00f6isesi el\u00e4m\u00e4.<\/p>\n\n\n\n<p>Kun voit hyvin, rajasi eiv\u00e4t vuoda kumpaankaan suuntaan. Ja toisaalta juuri rajojesi l\u00e4pi tulvii se valo, jota kannat mukanasi. Sit\u00e4 jaat, se kutsuu ja ravitsee. Se valo sin\u00e4 olet!<\/p>\n\n\n\n<figure class=\"wp-block-image\"><img loading=\"lazy\" decoding=\"async\" width=\"1024\" height=\"768\" src=\"https:\/\/vedenkivi.fi\/blogi\/wp-content\/uploads\/2021\/11\/IMG_1767-1024x768.jpg\" alt=\"\" class=\"wp-image-726\" srcset=\"https:\/\/vedenkivi.fi\/blogi\/wp-content\/uploads\/2021\/11\/IMG_1767-1024x768.jpg 1024w, https:\/\/vedenkivi.fi\/blogi\/wp-content\/uploads\/2021\/11\/IMG_1767-300x225.jpg 300w, https:\/\/vedenkivi.fi\/blogi\/wp-content\/uploads\/2021\/11\/IMG_1767-768x576.jpg 768w\" sizes=\"auto, (max-width: 1024px) 100vw, 1024px\" \/><\/figure>\n\n\n\n<p><\/p>\n\n\n\n<p><\/p>\n","protected":false},"excerpt":{"rendered":"<p>Maailmassa oli hiljattain aika, jolloin muureja purettiin. Yhdistyminen kest\u00e4\u00e4 niin kauan kuin kaatuneet muurit muistetaan. Nyt on aika toinen. Monenlaista aitaa pystytet\u00e4\u00e4n ihmisten ja el\u00e4imien esteeksi. Parempia ja huonompia perusteluja tulvii paljon ja niiden pohjalta muodostamme omat k\u00e4sityksemme. Toisistaan eri\u00e4v\u00e4t n\u00e4k\u00f6kulmat pystytt\u00e4v\u00e4t taas lis\u00e4\u00e4 raja-aitoja. Eri leireiss\u00e4 on meit\u00e4 ja teit\u00e4 ja heit\u00e4. Kollektiivinen liikehdint\u00e4<\/p>\n","protected":false},"author":2,"featured_media":0,"comment_status":"open","ping_status":"open","sticky":false,"template":"","format":"standard","meta":{"footnotes":""},"categories":[1],"tags":[172,42,135,38],"class_list":["post-725","post","type-post","status-publish","format-standard","hentry","category-yleinen","tag-muuri","tag-rajat","tag-valo","tag-valta"],"_links":{"self":[{"href":"https:\/\/vedenkivi.fi\/blogi\/wp-json\/wp\/v2\/posts\/725","targetHints":{"allow":["GET"]}}],"collection":[{"href":"https:\/\/vedenkivi.fi\/blogi\/wp-json\/wp\/v2\/posts"}],"about":[{"href":"https:\/\/vedenkivi.fi\/blogi\/wp-json\/wp\/v2\/types\/post"}],"author":[{"embeddable":true,"href":"https:\/\/vedenkivi.fi\/blogi\/wp-json\/wp\/v2\/users\/2"}],"replies":[{"embeddable":true,"href":"https:\/\/vedenkivi.fi\/blogi\/wp-json\/wp\/v2\/comments?post=725"}],"version-history":[{"count":5,"href":"https:\/\/vedenkivi.fi\/blogi\/wp-json\/wp\/v2\/posts\/725\/revisions"}],"predecessor-version":[{"id":731,"href":"https:\/\/vedenkivi.fi\/blogi\/wp-json\/wp\/v2\/posts\/725\/revisions\/731"}],"wp:attachment":[{"href":"https:\/\/vedenkivi.fi\/blogi\/wp-json\/wp\/v2\/media?parent=725"}],"wp:term":[{"taxonomy":"category","embeddable":true,"href":"https:\/\/vedenkivi.fi\/blogi\/wp-json\/wp\/v2\/categories?post=725"},{"taxonomy":"post_tag","embeddable":true,"href":"https:\/\/vedenkivi.fi\/blogi\/wp-json\/wp\/v2\/tags?post=725"}],"curies":[{"name":"wp","href":"https:\/\/api.w.org\/{rel}","templated":true}]}}